{"id":797,"date":"2021-03-03T10:08:50","date_gmt":"2021-03-03T10:08:50","guid":{"rendered":"https:\/\/monicavonbulow.com\/?p=797"},"modified":"2021-03-06T15:25:03","modified_gmt":"2021-03-06T15:25:03","slug":"jumu","status":"publish","type":"post","link":"https:\/\/monicavonbulow.com\/index.php\/2021\/03\/03\/jumu\/","title":{"rendered":"JuMu"},"content":{"rendered":"<p>Der 58.Wettbewerb &#8222;Jugend Musiziert&#8220; findet statt! Nat\u00fcrlich wird er unter den derzeitigen Bedingungen anders ablaufen als in den verganenen 57 Jahren. Aber Hauptsache ist: Er wird stattfinden!<\/p>\n<p>F\u00fcr die <strong>Altersgruppen I und II <\/strong>ist es geplant, am 06.06.2021 den Regionalwettbewerb in Pr\u00e4senz in der Musik- und Kunstschule in Osnabr\u00fcck durchzuf\u00fchren. Die Anmeldungen vom November 2020 bleiben g\u00fcltig.<\/p>\n<p>Die Altergruppen III &#8211; VII f\u00fchren den Wettbeweb digital durch, die Videos sind bis zum 01.03.2021 beim Landesausschuss einzureichen.<\/p>\n<p>Ich freue mich sehr, als Jurorin dabei zu sein und tallentierte junge Musikerinnen anzuh\u00f6ren!<\/p>\n<p>&nbsp;<\/p>\n","protected":false},"excerpt":{"rendered":"<p>Der 58.Wettbewerb &#8222;Jugend Musiziert&#8220; findet statt! Nat\u00fcrlich wird er unter den derzeitigen Bedingungen anders ablaufen als in den verganenen 57 Jahren. Aber Hauptsache ist: Er wird stattfinden! F\u00fcr die Altersgruppen I und II ist es geplant, am 06.06.2021 den Regionalwettbewerb in Pr\u00e4senz in der Musik- und Kunstschule in Osnabr\u00fcck durchzuf\u00fchren. Die Anmeldungen vom November 2020 [&hellip;]<\/p>\n","protected":false},"author":2,"featured_media":789,"comment_status":"closed","ping_status":"open","sticky":false,"template":"","format":"standard","meta":{"_et_pb_use_builder":"","_et_pb_old_content":"","_et_gb_content_width":"","footnotes":""},"categories":[1],"tags":[],"class_list":["post-797","post","type-post","status-publish","format-standard","has-post-thumbnail","hentry","category-uncategorized"],"_links":{"self":[{"href":"https:\/\/monicavonbulow.com\/index.php\/wp-json\/wp\/v2\/posts\/797","targetHints":{"allow":["GET"]}}],"collection":[{"href":"https:\/\/monicavonbulow.com\/index.php\/wp-json\/wp\/v2\/posts"}],"about":[{"href":"https:\/\/monicavonbulow.com\/index.php\/wp-json\/wp\/v2\/types\/post"}],"author":[{"embeddable":true,"href":"https:\/\/monicavonbulow.com\/index.php\/wp-json\/wp\/v2\/users\/2"}],"replies":[{"embeddable":true,"href":"https:\/\/monicavonbulow.com\/index.php\/wp-json\/wp\/v2\/comments?post=797"}],"version-history":[{"count":5,"href":"https:\/\/monicavonbulow.com\/index.php\/wp-json\/wp\/v2\/posts\/797\/revisions"}],"predecessor-version":[{"id":826,"href":"https:\/\/monicavonbulow.com\/index.php\/wp-json\/wp\/v2\/posts\/797\/revisions\/826"}],"wp:featuredmedia":[{"embeddable":true,"href":"https:\/\/monicavonbulow.com\/index.php\/wp-json\/wp\/v2\/media\/789"}],"wp:attachment":[{"href":"https:\/\/monicavonbulow.com\/index.php\/wp-json\/wp\/v2\/media?parent=797"}],"wp:term":[{"taxonomy":"category","embeddable":true,"href":"https:\/\/monicavonbulow.com\/index.php\/wp-json\/wp\/v2\/categories?post=797"},{"taxonomy":"post_tag","embeddable":true,"href":"https:\/\/monicavonbulow.com\/index.php\/wp-json\/wp\/v2\/tags?post=797"}],"curies":[{"name":"wp","href":"https:\/\/api.w.org\/{rel}","templated":true}]}}